{"id":104,"date":"2015-03-05T15:21:38","date_gmt":"2015-03-05T06:21:38","guid":{"rendered":"http:\/\/buzznavi.net\/?p=104"},"modified":"2015-03-05T15:21:38","modified_gmt":"2015-03-05T06:21:38","slug":"le-flashmob-des-prodiges","status":"publish","type":"post","link":"https:\/\/buzznavi.net\/?p=104","title":{"rendered":"\u3010\u30d5\u30e9\u30c3\u30b7\u30e5\u30e2\u30d6\u3011\u5929\u624d\u7684\u306a\u5b50\u4f9b\u305f\u3061\u306e\u30d5\u30e9\u30c3\u30b7\u30e5\u30e2\u30d6"},"content":{"rendered":"<div class=\"b745fed48a10d12a7958730e9b4cf116\" data-index=\"1\" style=\"float: none; margin:10px 0 10px 0; text-align:center;\">\n<SCRIPT charset=\"utf-8\" type=\"text\/javascript\" src=\"http:\/\/ws-fe.amazon-adsystem.com\/widgets\/q?ServiceVersion=20070822&MarketPlace=JP&ID=V20070822%2FJP%2Fcullper-22%2F8009%2F5ba0fec8-56ff-4fa4-be0f-2df8ce7b8086&Operation=GetScriptTemplate\"> <\/SCRIPT> <NOSCRIPT><A rel=\"nofollow\" HREF=\"http:\/\/ws-fe.amazon-adsystem.com\/widgets\/q?ServiceVersion=20070822&MarketPlace=JP&ID=V20070822%2FJP%2Fcullper-22%2F8009%2F5ba0fec8-56ff-4fa4-be0f-2df8ce7b8086&Operation=NoScript\">Amazon.co.jp \u30a6\u30a3\u30b8\u30a7\u30c3\u30c8<\/A><\/NOSCRIPT>\n<\/div>\n<p><iframe loading=\"lazy\" width=\"640\" height=\"360\" src=\"https:\/\/www.youtube.com\/embed\/eee4-d7FUis?feature=oembed\" frameborder=\"0\" allowfullscreen><\/iframe><\/p>\n<p>Pour c\u00e9l\u00e9brer l&#8217;\u00e9mission PRODIGES, qui sera diffus\u00e9e le 27 d\u00e9cembre 2014 en Prime Time, France 2 cr\u00e9e l&#8217;\u00e9v\u00e9nement et a organis\u00e9 un flashmob exceptionnel au Centre Commercial de Beaugrenelle, \u00e0 Paris.<br \/>\nPRODIGES est la premi\u00e8re \u00e9mission \u00e0 r\u00e9v\u00e9ler les jeunes talents du classique dans trois cat\u00e9gories : danse, musique et chant.<\/p>\n<p>Le casting de l&#8217;\u00e9dition 2015 est ouvert. Pour succ\u00e9der \u00e0 Camille, inscrivez-vous sur le site de france2.fr\/prodiges.<\/p>\n<p>PRODIGES,<br \/>\nDiffus\u00e9 le 27 d\u00e9cembre sur France 2<br \/>\nPr\u00e9sent\u00e9 par Marianne James<\/p>\n<p>http:\/\/france2.fr\/prodiges<br \/>\n#Prodiges<\/p>\n\n<div style=\"font-size: 0px; height: 0px; line-height: 0px; margin: 0; padding: 0; clear: both;\"><\/div>","protected":false},"excerpt":{"rendered":"<p>Pour c\u00e9l\u00e9brer l&#8217;\u00e9mission PRODIGES, qui sera diffus\u00e9e le 27 d\u00e9cembre 2014 en Prime Time, France 2 cr\u00e9e l&#038;&#8230;<\/p>\n","protected":false},"author":1,"featured_media":105,"comment_status":"open","ping_status":"open","sticky":false,"template":"","format":"standard","meta":{"footnotes":""},"categories":[1],"tags":[8],"_links":{"self":[{"href":"https:\/\/buzznavi.net\/index.php?rest_route=\/wp\/v2\/posts\/104"}],"collection":[{"href":"https:\/\/buzznavi.net\/index.php?rest_route=\/wp\/v2\/posts"}],"about":[{"href":"https:\/\/buzznavi.net\/index.php?rest_route=\/wp\/v2\/types\/post"}],"author":[{"embeddable":true,"href":"https:\/\/buzznavi.net\/index.php?rest_route=\/wp\/v2\/users\/1"}],"replies":[{"embeddable":true,"href":"https:\/\/buzznavi.net\/index.php?rest_route=%2Fwp%2Fv2%2Fcomments&post=104"}],"version-history":[{"count":2,"href":"https:\/\/buzznavi.net\/index.php?rest_route=\/wp\/v2\/posts\/104\/revisions"}],"predecessor-version":[{"id":116,"href":"https:\/\/buzznavi.net\/index.php?rest_route=\/wp\/v2\/posts\/104\/revisions\/116"}],"wp:featuredmedia":[{"embeddable":true,"href":"https:\/\/buzznavi.net\/index.php?rest_route=\/wp\/v2\/media\/105"}],"wp:attachment":[{"href":"https:\/\/buzznavi.net\/index.php?rest_route=%2Fwp%2Fv2%2Fmedia&parent=104"}],"wp:term":[{"taxonomy":"category","embeddable":true,"href":"https:\/\/buzznavi.net\/index.php?rest_route=%2Fwp%2Fv2%2Fcategories&post=104"},{"taxonomy":"post_tag","embeddable":true,"href":"https:\/\/buzznavi.net\/index.php?rest_route=%2Fwp%2Fv2%2Ftags&post=104"}],"curies":[{"name":"wp","href":"https:\/\/api.w.org\/{rel}","templated":true}]}}